{"id":9247,"date":"2022-04-08T08:16:09","date_gmt":"2022-04-08T08:16:09","guid":{"rendered":"https:\/\/fabrafinques.com\/?p=9247"},"modified":"2022-04-08T08:16:09","modified_gmt":"2022-04-08T08:16:09","slug":"como-impugnar-el-valor-de-referencia-que-afecta-al-itp","status":"publish","type":"post","link":"https:\/\/fabrafinques.com\/es\/como-impugnar-el-valor-de-referencia-que-afecta-al-itp\/","title":{"rendered":"COMO IMPUGNAR EL VALOR DE REFERENCIA QUE AFECTA AL ITP?"},"content":{"rendered":"\n<p>Si tienes previsto comprar un inmueble tendr\u00e1s que liquidar el impuesto de Transmisiones Patrimoniales y Actos Jur\u00eddicos Documentados. Desde el pasado enero 2022, muchas fincas disponen de un valor de referencia catastral determinado, que en ocasiones es mayor que el precio real de la transmisi\u00f3n. En estos casos, debe liquidarse por este valor, pero se puede pedir la rectificaci\u00f3n de la autoliquidaci\u00f3n y la devoluci\u00f3n de ingresos indebidos en la Agencia Tributaria de Catalu\u00f1a.<\/p>\n\n\n\n<p>Este a\u00f1o, el precio de venta de los pisos de segunda mano se encuentra con un cambio a la hora de la tributaci\u00f3n. Hasta ahora se liquidaban los impuestos en funci\u00f3n del precio de venta a la escritura, siendo un 10% en concepto del impuesto de transmisiones patrimoniales, pero desde el uno de enero de 2022, el ministerio de hacienda ha fijado un valor de referencia que determina por lo que debe tributarse, este dato se puede consultar en la p\u00e1gina del catastro y se basa en las escrituras de compraventa del a\u00f1o anterior en cada zona.<\/p>\n\n\n\n<p>Este valor a menudo no concuerda y es mayor que el precio de venta y obliga a tributar m\u00e1s. Siempre se puede adquirir el piso por debajo de ese precio medio, pero a hacienda no le es relevante porque ingresa los impuestos que desea.<\/p>\n\n\n\n<p>En caso de que el comprador no est\u00e9 de acuerdo en el valor marcado y que est\u00e1 por encima de lo que vale y por tanto que le sale a pagar m\u00e1s de lo que considera justo, deber\u00e1 pagarse primero por lo que marca el impuesto y en cualquier caso interponer una reclamaci\u00f3n a posteriori aportando pruebas que puedan demostrar que el inmueble tiene un precio inferior. El catastro analizar\u00e1 el caso seg\u00fan las pruebas aportadas y determinar\u00e1 si nos devoluciona lo pagado de m\u00e1s.<\/p>\n\n\n\n<p>Contacta con nosotros y te ayudaremos a realizar la reclamaci\u00f3n formal.<\/p>\n","protected":false},"excerpt":{"rendered":"<p>Si tienes previsto comprar un inmueble tendr\u00e1s que liquidar el impuesto de Transmisiones Patrimoniales y Actos Jur\u00eddicos Documentados. Desde el pasado enero 2022, muchas fincas disponen de un valor de referencia catastral determinado, que en ocasiones es mayor que el precio real de la transmisi\u00f3n. En estos casos, debe liquidarse por este valor, pero se [&hellip;]<\/p>\n","protected":false},"author":1,"featured_media":0,"comment_status":"closed","ping_status":"open","sticky":false,"template":"","format":"standard","meta":{"footnotes":""},"categories":[67],"tags":[],"class_list":["post-9247","post","type-post","status-publish","format-standard","hentry","category-sin-categorizar"],"_links":{"self":[{"href":"https:\/\/fabrafinques.com\/es\/wp-json\/wp\/v2\/posts\/9247","targetHints":{"allow":["GET"]}}],"collection":[{"href":"https:\/\/fabrafinques.com\/es\/wp-json\/wp\/v2\/posts"}],"about":[{"href":"https:\/\/fabrafinques.com\/es\/wp-json\/wp\/v2\/types\/post"}],"author":[{"embeddable":true,"href":"https:\/\/fabrafinques.com\/es\/wp-json\/wp\/v2\/users\/1"}],"replies":[{"embeddable":true,"href":"https:\/\/fabrafinques.com\/es\/wp-json\/wp\/v2\/comments?post=9247"}],"version-history":[{"count":1,"href":"https:\/\/fabrafinques.com\/es\/wp-json\/wp\/v2\/posts\/9247\/revisions"}],"predecessor-version":[{"id":9248,"href":"https:\/\/fabrafinques.com\/es\/wp-json\/wp\/v2\/posts\/9247\/revisions\/9248"}],"wp:attachment":[{"href":"https:\/\/fabrafinques.com\/es\/wp-json\/wp\/v2\/media?parent=9247"}],"wp:term":[{"taxonomy":"category","embeddable":true,"href":"https:\/\/fabrafinques.com\/es\/wp-json\/wp\/v2\/categories?post=9247"},{"taxonomy":"post_tag","embeddable":true,"href":"https:\/\/fabrafinques.com\/es\/wp-json\/wp\/v2\/tags?post=9247"}],"curies":[{"name":"wp","href":"https:\/\/api.w.org\/{rel}","templated":true}]}}